{"id":452,"date":"2026-03-11T10:17:55","date_gmt":"2026-03-11T09:17:55","guid":{"rendered":"https:\/\/www.albertogauna.com\/?p=452"},"modified":"2026-03-11T10:17:57","modified_gmt":"2026-03-11T09:17:57","slug":"de-birri-a-handler-un-recorrido-por-el-documental-latinoamericano","status":"publish","type":"post","link":"https:\/\/www.albertogauna.com\/?p=452","title":{"rendered":"De Birri a Handler: un recorrido por el documental latinoamericano"},"content":{"rendered":"\n<div class=\"wp-block-uagb-container wp-embed-aspect-16-9 wp-has-aspect-ratio uagb-block-7d6088c2 alignfull uagb-is-root-container\"><div class=\"uagb-container-inner-blocks-wrap\">\n<div class=\"wp-block-uagb-image uagb-block-6e327d76 wp-block-uagb-image--layout-default wp-block-uagb-image--effect-static wp-block-uagb-image--align-none\"><figure class=\"wp-block-uagb-image__figure\"><img decoding=\"async\" srcset=\"https:\/\/www.albertogauna.com\/wp-content\/uploads\/2026\/03\/Curso_Blog.jpg ,https:\/\/www.albertogauna.com\/wp-content\/uploads\/2026\/03\/Curso_Blog.jpg 780w, https:\/\/www.albertogauna.com\/wp-content\/uploads\/2026\/03\/Curso_Blog.jpg 360w\" sizes=\"auto, (max-width: 480px) 150px\" src=\"https:\/\/www.albertogauna.com\/wp-content\/uploads\/2026\/03\/Curso_Blog.jpg\" alt=\"Alumnos de FOREM Andalucia\" class=\"uag-image-453\" width=\"896\" height=\"1200\" title=\"Curso_Blog\" loading=\"lazy\" role=\"img\"\/><\/figure><\/div>\n\n\n\n<p class=\"has-text-align-center\"><em>Alumnos de FOREM Andalucia<\/em><\/p>\n\n\n\n<p class=\"justify\">Invitado por el profesor <strong>Javier Campo<\/strong>, de la c\u00e1tedra <em>Est\u00e9tica Cinematogr\u00e1fica<\/em> de 4\u00ba a\u00f1o de la carrera de <strong>Realizaci\u00f3n Cinematogr\u00e1fica<\/strong> de Artes Audiovisuales, el viernes <strong>17 de abril de 2026<\/strong>, a las <strong>15:00 horas<\/strong>, participar\u00e1 en un encuentro con estudiantes en la <strong>Facultad de Artes de Tandil (UNICEN)<\/strong>.<\/p>\n\n\n\n<p>La intervenci\u00f3n se centrar\u00e1 en el proyecto <strong>\u201cDocumental Latinoamericano, de Fernando Birri a Mario Handler\u201d<\/strong>, un recorrido por algunas de las figuras fundamentales del cine documental en Am\u00e9rica Latina y por las tradiciones est\u00e9ticas y pol\u00edticas que marcaron su desarrollo.<\/p>\n<\/div><\/div>\n","protected":false},"excerpt":{"rendered":"<p>Alumnos de FOREM Andalucia Invitado por el profesor Javier Campo, de la c\u00e1tedra Est\u00e9tica Cinematogr\u00e1fica de 4\u00ba a\u00f1o de la [&hellip;]<\/p>\n","protected":false},"author":1,"featured_media":454,"comment_status":"open","ping_status":"open","sticky":false,"template":"","format":"standard","meta":{"_uag_custom_page_level_css":"","site-sidebar-layout":"default","site-content-layout":"","ast-site-content-layout":"default","site-content-style":"default","site-sidebar-style":"default","ast-global-header-display":"","ast-banner-title-visibility":"","ast-main-header-display":"","ast-hfb-above-header-display":"","ast-hfb-below-header-display":"","ast-hfb-mobile-header-display":"","site-post-title":"","ast-breadcrumbs-content":"","ast-featured-img":"","footer-sml-layout":"","ast-disable-related-posts":"","theme-transparent-header-meta":"","adv-header-id-meta":"","stick-header-meta":"","header-above-stick-meta":"","header-main-stick-meta":"","header-below-stick-meta":"","astra-migrate-meta-layouts":"default","ast-page-background-enabled":"default","ast-page-background-meta":{"desktop":{"background-color":"var(--ast-global-color-5)","background-image":"","background-repeat":"repeat","background-position":"center center","background-size":"auto","background-attachment":"scroll","background-type":"","background-media":"","overlay-type":"","overlay-color":"","overlay-opacity":"","overlay-gradient":""},"tablet":{"background-color":"","background-image":"","background-repeat":"repeat","background-position":"center center","background-size":"auto","background-attachment":"scroll","background-type":"","background-media":"","overlay-type":"","overlay-color":"","overlay-opacity":"","overlay-gradient":""},"mobile":{"background-color":"","background-image":"","background-repeat":"repeat","background-position":"center center","background-size":"auto","background-attachment":"scroll","background-type":"","background-media":"","overlay-type":"","overlay-color":"","overlay-opacity":"","overlay-gradient":""}},"ast-content-background-meta":{"desktop":{"background-color":"var(--ast-global-color-4)","background-image":"","background-repeat":"repeat","background-position":"center center","background-size":"auto","background-attachment":"scroll","background-type":"","background-media":"","overlay-type":"","overlay-color":"","overlay-opacity":"","overlay-gradient":""},"tablet":{"background-color":"var(--ast-global-color-4)","background-image":"","background-repeat":"repeat","background-position":"center center","background-size":"auto","background-attachment":"scroll","background-type":"","background-media":"","overlay-type":"","overlay-color":"","overlay-opacity":"","overlay-gradient":""},"mobile":{"background-color":"var(--ast-global-color-4)","background-image":"","background-repeat":"repeat","background-position":"center center","background-size":"auto","background-attachment":"scroll","background-type":"","background-media":"","overlay-type":"","overlay-color":"","overlay-opacity":"","overlay-gradient":""}},"_themeisle_gutenberg_block_has_review":false,"footnotes":""},"categories":[6],"tags":[7,10,11,12,15],"class_list":["post-452","post","type-post","status-publish","format-standard","has-post-thumbnail","hentry","category-noticias","tag-alberto-gauna","tag-cine","tag-documental","tag-tandil","tag-unicen"],"uagb_featured_image_src":{"full":["https:\/\/www.albertogauna.com\/wp-content\/uploads\/2026\/03\/Curso_Destacado.jpg",1024,1040,false],"thumbnail":["https:\/\/www.albertogauna.com\/wp-content\/uploads\/2026\/03\/Curso_Destacado-150x150.jpg",150,150,true],"medium":["https:\/\/www.albertogauna.com\/wp-content\/uploads\/2026\/03\/Curso_Destacado-295x300.jpg",295,300,true],"medium_large":["https:\/\/www.albertogauna.com\/wp-content\/uploads\/2026\/03\/Curso_Destacado-768x780.jpg",768,780,true],"large":["https:\/\/www.albertogauna.com\/wp-content\/uploads\/2026\/03\/Curso_Destacado-1008x1024.jpg",1008,1024,true],"1536x1536":["https:\/\/www.albertogauna.com\/wp-content\/uploads\/2026\/03\/Curso_Destacado.jpg",1024,1040,false],"2048x2048":["https:\/\/www.albertogauna.com\/wp-content\/uploads\/2026\/03\/Curso_Destacado.jpg",1024,1040,false]},"uagb_author_info":{"display_name":"Admin","author_link":"https:\/\/www.albertogauna.com\/author\/6fb81c77e5d5"},"uagb_comment_info":1,"uagb_excerpt":"Alumnos de FOREM Andalucia Invitado por el profesor Javier Campo, de la c\u00e1tedra Est\u00e9tica Cinematogr\u00e1fica de 4\u00ba a\u00f1o de la [&hellip;]","_links":{"self":[{"href":"https:\/\/www.albertogauna.com\/index.php?rest_route=\/wp\/v2\/posts\/452","targetHints":{"allow":["GET"]}}],"collection":[{"href":"https:\/\/www.albertogauna.com\/index.php?rest_route=\/wp\/v2\/posts"}],"about":[{"href":"https:\/\/www.albertogauna.com\/index.php?rest_route=\/wp\/v2\/types\/post"}],"author":[{"embeddable":true,"href":"https:\/\/www.albertogauna.com\/index.php?rest_route=\/wp\/v2\/users\/1"}],"replies":[{"embeddable":true,"href":"https:\/\/www.albertogauna.com\/index.php?rest_route=%2Fwp%2Fv2%2Fcomments&post=452"}],"version-history":[{"count":1,"href":"https:\/\/www.albertogauna.com\/index.php?rest_route=\/wp\/v2\/posts\/452\/revisions"}],"predecessor-version":[{"id":456,"href":"https:\/\/www.albertogauna.com\/index.php?rest_route=\/wp\/v2\/posts\/452\/revisions\/456"}],"wp:featuredmedia":[{"embeddable":true,"href":"https:\/\/www.albertogauna.com\/index.php?rest_route=\/wp\/v2\/media\/454"}],"wp:attachment":[{"href":"https:\/\/www.albertogauna.com\/index.php?rest_route=%2Fwp%2Fv2%2Fmedia&parent=452"}],"wp:term":[{"taxonomy":"category","embeddable":true,"href":"https:\/\/www.albertogauna.com\/index.php?rest_route=%2Fwp%2Fv2%2Fcategories&post=452"},{"taxonomy":"post_tag","embeddable":true,"href":"https:\/\/www.albertogauna.com\/index.php?rest_route=%2Fwp%2Fv2%2Ftags&post=452"}],"curies":[{"name":"wp","href":"https:\/\/api.w.org\/{rel}","templated":true}]}}