{"id":460,"date":"2026-03-16T10:52:02","date_gmt":"2026-03-16T09:52:02","guid":{"rendered":"https:\/\/www.albertogauna.com\/?p=460"},"modified":"2026-03-17T08:48:35","modified_gmt":"2026-03-17T07:48:35","slug":"proyeccion-de-cerro-de-leones-en-el-ipat-tandil","status":"publish","type":"post","link":"https:\/\/www.albertogauna.com\/?p=460","title":{"rendered":"Cerro de Leones en el IPAT"},"content":{"rendered":"\n<div class=\"wp-block-uagb-container wp-embed-aspect-16-9 wp-has-aspect-ratio uagb-block-7d6088c2 alignfull uagb-is-root-container\"><div class=\"uagb-container-inner-blocks-wrap\">\n<div class=\"wp-block-uagb-image uagb-block-6e327d76 wp-block-uagb-image--layout-default wp-block-uagb-image--effect-static wp-block-uagb-image--align-none\"><figure class=\"wp-block-uagb-image__figure\"><img decoding=\"async\" srcset=\"https:\/\/www.albertogauna.com\/wp-content\/uploads\/2026\/03\/CerroDeLeones_Blog-768x1024.jpg ,https:\/\/www.albertogauna.com\/wp-content\/uploads\/2026\/03\/CerroDeLeones_Blog.jpg 780w, https:\/\/www.albertogauna.com\/wp-content\/uploads\/2026\/03\/CerroDeLeones_Blog.jpg 360w\" sizes=\"auto, (max-width: 480px) 150px\" src=\"https:\/\/www.albertogauna.com\/wp-content\/uploads\/2026\/03\/CerroDeLeones_Blog-768x1024.jpg\" alt=\"\" class=\"uag-image-465\" width=\"768\" height=\"1024\" title=\"CerroDeLeones_Blog\" loading=\"lazy\" role=\"img\"\/><\/figure><\/div>\n\n\n\n<p><\/p>\n\n\n\n<p class=\"justify\">En el marco de los <strong>40 a\u00f1os del IPAT \u201ccreando futuro\u201d<\/strong> y de las actividades de reflexi\u00f3n a <strong>50 a\u00f1os del golpe c\u00edvico-militar en Argentina<\/strong>, se realizar\u00e1 en Tandil una presentaci\u00f3n especial de la pel\u00edcula <em>Cerro de Leones<\/em> (1975), dirigida por <strong>Alberto Gauna<\/strong>.<\/p>\n\n\n\n<p>La actividad incluir\u00e1 la proyecci\u00f3n del film junto a diversas propuestas vinculadas al cine y la memoria hist\u00f3rica: presentaci\u00f3n de la obra cinematogr\u00e1fica, visita al laboratorio de fotograf\u00eda anal\u00f3gica del instituto, conversatorio con estudiantes y una contextualizaci\u00f3n hist\u00f3rica sobre el momento en que fue realizada la pel\u00edcula.<\/p>\n\n\n\n<p>El proyecto cuenta con la coordinaci\u00f3n de <strong>Pedro Tissier<\/strong> como director, junto a <strong>Adri\u00e1n Botella<\/strong>, y con el \u00e1rea de fotograf\u00eda integrada por <strong>Mariano Schettino,<\/strong> <strong>Gonzalo Celasco y<\/strong> <strong>Mauricio Guti\u00e9rrez<\/strong>.<\/p>\n\n\n\n<p>El encuentro tendr\u00e1 lugar el <strong>17 de abril a las 18:00 horas en el IPAT Tandil<\/strong>.<\/p>\n<\/div><\/div>\n","protected":false},"excerpt":{"rendered":"<p>En el marco de los 40 a\u00f1os del IPAT \u201ccreando futuro\u201d y de las actividades de reflexi\u00f3n a 50 a\u00f1os [&hellip;]<\/p>\n","protected":false},"author":1,"featured_media":462,"comment_status":"open","ping_status":"open","sticky":false,"template":"","format":"standard","meta":{"_uag_custom_page_level_css":"","site-sidebar-layout":"default","site-content-layout":"","ast-site-content-layout":"default","site-content-style":"default","site-sidebar-style":"default","ast-global-header-display":"","ast-banner-title-visibility":"","ast-main-header-display":"","ast-hfb-above-header-display":"","ast-hfb-below-header-display":"","ast-hfb-mobile-header-display":"","site-post-title":"","ast-breadcrumbs-content":"","ast-featured-img":"","footer-sml-layout":"","ast-disable-related-posts":"","theme-transparent-header-meta":"","adv-header-id-meta":"","stick-header-meta":"","header-above-stick-meta":"","header-main-stick-meta":"","header-below-stick-meta":"","astra-migrate-meta-layouts":"default","ast-page-background-enabled":"default","ast-page-background-meta":{"desktop":{"background-color":"var(--ast-global-color-5)","background-image":"","background-repeat":"repeat","background-position":"center center","background-size":"auto","background-attachment":"scroll","background-type":"","background-media":"","overlay-type":"","overlay-color":"","overlay-opacity":"","overlay-gradient":""},"tablet":{"background-color":"","background-image":"","background-repeat":"repeat","background-position":"center center","background-size":"auto","background-attachment":"scroll","background-type":"","background-media":"","overlay-type":"","overlay-color":"","overlay-opacity":"","overlay-gradient":""},"mobile":{"background-color":"","background-image":"","background-repeat":"repeat","background-position":"center center","background-size":"auto","background-attachment":"scroll","background-type":"","background-media":"","overlay-type":"","overlay-color":"","overlay-opacity":"","overlay-gradient":""}},"ast-content-background-meta":{"desktop":{"background-color":"var(--ast-global-color-4)","background-image":"","background-repeat":"repeat","background-position":"center center","background-size":"auto","background-attachment":"scroll","background-type":"","background-media":"","overlay-type":"","overlay-color":"","overlay-opacity":"","overlay-gradient":""},"tablet":{"background-color":"var(--ast-global-color-4)","background-image":"","background-repeat":"repeat","background-position":"center center","background-size":"auto","background-attachment":"scroll","background-type":"","background-media":"","overlay-type":"","overlay-color":"","overlay-opacity":"","overlay-gradient":""},"mobile":{"background-color":"var(--ast-global-color-4)","background-image":"","background-repeat":"repeat","background-position":"center center","background-size":"auto","background-attachment":"scroll","background-type":"","background-media":"","overlay-type":"","overlay-color":"","overlay-opacity":"","overlay-gradient":""}},"_themeisle_gutenberg_block_has_review":false,"footnotes":""},"categories":[6],"tags":[7,16,14,17,12],"class_list":["post-460","post","type-post","status-publish","format-standard","has-post-thumbnail","hentry","category-noticias","tag-alberto-gauna","tag-argentina","tag-cerro-de-leones","tag-ipat","tag-tandil"],"uagb_featured_image_src":{"full":["https:\/\/www.albertogauna.com\/wp-content\/uploads\/2026\/03\/CerroLeones_Miniatura.jpg",688,690,false],"thumbnail":["https:\/\/www.albertogauna.com\/wp-content\/uploads\/2026\/03\/CerroLeones_Miniatura-150x150.jpg",150,150,true],"medium":["https:\/\/www.albertogauna.com\/wp-content\/uploads\/2026\/03\/CerroLeones_Miniatura-300x300.jpg",300,300,true],"medium_large":["https:\/\/www.albertogauna.com\/wp-content\/uploads\/2026\/03\/CerroLeones_Miniatura.jpg",688,690,false],"large":["https:\/\/www.albertogauna.com\/wp-content\/uploads\/2026\/03\/CerroLeones_Miniatura.jpg",688,690,false],"1536x1536":["https:\/\/www.albertogauna.com\/wp-content\/uploads\/2026\/03\/CerroLeones_Miniatura.jpg",688,690,false],"2048x2048":["https:\/\/www.albertogauna.com\/wp-content\/uploads\/2026\/03\/CerroLeones_Miniatura.jpg",688,690,false]},"uagb_author_info":{"display_name":"Admin","author_link":"https:\/\/www.albertogauna.com\/author\/6fb81c77e5d5"},"uagb_comment_info":0,"uagb_excerpt":"En el marco de los 40 a\u00f1os del IPAT \u201ccreando futuro\u201d y de las actividades de reflexi\u00f3n a 50 a\u00f1os [&hellip;]","_links":{"self":[{"href":"https:\/\/www.albertogauna.com\/index.php?rest_route=\/wp\/v2\/posts\/460","targetHints":{"allow":["GET"]}}],"collection":[{"href":"https:\/\/www.albertogauna.com\/index.php?rest_route=\/wp\/v2\/posts"}],"about":[{"href":"https:\/\/www.albertogauna.com\/index.php?rest_route=\/wp\/v2\/types\/post"}],"author":[{"embeddable":true,"href":"https:\/\/www.albertogauna.com\/index.php?rest_route=\/wp\/v2\/users\/1"}],"replies":[{"embeddable":true,"href":"https:\/\/www.albertogauna.com\/index.php?rest_route=%2Fwp%2Fv2%2Fcomments&post=460"}],"version-history":[{"count":6,"href":"https:\/\/www.albertogauna.com\/index.php?rest_route=\/wp\/v2\/posts\/460\/revisions"}],"predecessor-version":[{"id":471,"href":"https:\/\/www.albertogauna.com\/index.php?rest_route=\/wp\/v2\/posts\/460\/revisions\/471"}],"wp:featuredmedia":[{"embeddable":true,"href":"https:\/\/www.albertogauna.com\/index.php?rest_route=\/wp\/v2\/media\/462"}],"wp:attachment":[{"href":"https:\/\/www.albertogauna.com\/index.php?rest_route=%2Fwp%2Fv2%2Fmedia&parent=460"}],"wp:term":[{"taxonomy":"category","embeddable":true,"href":"https:\/\/www.albertogauna.com\/index.php?rest_route=%2Fwp%2Fv2%2Fcategories&post=460"},{"taxonomy":"post_tag","embeddable":true,"href":"https:\/\/www.albertogauna.com\/index.php?rest_route=%2Fwp%2Fv2%2Ftags&post=460"}],"curies":[{"name":"wp","href":"https:\/\/api.w.org\/{rel}","templated":true}]}}